{"id":759,"date":"2011-05-21T10:00:36","date_gmt":"2011-05-21T08:00:36","guid":{"rendered":"http:\/\/www.eausecours62.org\/site\/?p=759"},"modified":"2018-01-13T18:11:42","modified_gmt":"2018-01-13T17:11:42","slug":"le-parti-socialiste-et-la-question-de-leau","status":"publish","type":"post","link":"https:\/\/www.eausecours62.org\/site\/le-parti-socialiste-et-la-question-de-leau\/","title":{"rendered":"Le parti socialiste et la question de l\u2019EAU"},"content":{"rendered":"<div class=\"crayon article-chapo-96 soustitre\">\n<p><strong>Dans le cadre de la pr\u00e9paration de son projet pour les \u00e9lections pr\u00e9sidentielles 2012, le Parti socialiste travaille \u00e0 d\u00e9finir sa position concernant \u00ab\u00a0les biens communs partag\u00e9s et les services essentiels\u00a0\u00bb . La gestion de l\u2019eau en fait partie naturellement .<\/strong><\/p>\n<p><strong>Le texte ci-apr\u00e8s est le compte rendu d\u2019un interview donn\u00e9 par Fran\u00e7ois Brotte , vice-pr\u00e9sident du groupe socialiste \u00e0 l\u2019Assembl\u00e9e Nationale.<\/strong><\/p>\n<\/div>\n<p><!--more--><\/p>\n<div class=\"crayon article-texte-96 texte\">\n<p>FRAN\u00c7OIS BROTTES VICE-PR\u00c9SIDENT DU GROUPE SOCIALISTE \u00c0 L\u2019ASSEMBL\u00c9E NATIONALE<\/p>\n<p>Fran\u00e7ois Brottes\u00a0: \u00ab\u00a0Il faut r\u00e9server les tarifs sociaux aux personnes en grande pr\u00e9carit\u00e9\u00a0\u00bb<\/p>\n<p>Prolongeant son projet pour 2012, le PS organise au-jourd\u2019hui \u00e0 Paris un forum sur \u00ab\u00a0Les biens communs partag\u00e9s et les services essentiels\u00a0\u00bb. <strong>Au menu, l\u2019acc\u00e8s pour tous \u00e0 l\u2019\u00e9lectricit\u00e9, l\u2019eau, les transports et l\u2019Internet \u00e0 haut d\u00e9bit<\/strong>. Recueilli par<\/p>\n<p>Renaud CZARNES<\/p>\n<p>\uf0b7 Prolongeant son projet pour 2012, le PS organise aujourd\u2019hui \u00e0 Paris un forum sur \u00ab\u00a0Les biens communs partag\u00e9s et les services essentiels\u00a0\u00bb. Au menu, l\u2019acc\u00e8s pour tous \u00e0 l\u2019\u00e9lectricit\u00e9, l\u2019eau, les transports et l\u2019Internet \u00e0 haut d\u00e9bit.<\/p>\n<p><i>Cet apr\u00e8s-midi, le PS consacre un forum sur \u00ab\u00a0les biens communs partag\u00e9s\u00a0\u00bb et \u00ab\u00a0les services essentiels\u00a0\u00bb. Est-ce une d\u00e9clinaison du projet socialiste\u00a0?<\/i><\/p>\n<p>&gt; Nous avons commenc\u00e9 ce travail en montant plusieurs groupes de r\u00e9flexion sur les quatre sujets qui seront trait\u00e9s\u00a0: l\u2019\u00e9nergie, l\u2019eau, les t\u00e9l\u00e9communications et les transports. Parall\u00e8lement, le travail sur le projet a \u00e9t\u00e9 conduit. Il y a eu donc des correspondances \u00e9videntes. Dans ce forum, nous apportons une s\u00e9rie de propositions avec une double id\u00e9e\u00a0: lutter contre les exclusions et responsabiliser les consommateurs chacun dans l\u2019usage des biens les plus rares comme l\u2019eau et l\u2019\u00e9nergie. En ce qui concerne les services essentiels, comme les transports et les t\u00e9l\u00e9communications, il ne s\u2019agit pas d\u2019\u00eatre pr\u00e9cautionneux mais d\u2019amplifier les usages dans les transports en commun et les t\u00e9l\u00e9communications haut d\u00e9bit.<\/p>\n<p><i>Qu\u2019allez-vous proposer de nouveau\u00a0?<\/i><\/p>\n<p>&gt; Concernant l\u2019eau et l\u2019\u00e9nergie, nous proposons un mode de tarification avec un tarif de base, le plus large possible, et un tarif progressif qui sera appliqu\u00e9 aux consommations qui ne sont pas indispensables. Nous voulons limiter au maximum l\u2019usage du tarif social car les tarifs sociaux tels qu\u2019ils existent aujourd\u2019hui ont de nombreux d\u00e9fauts. Tout d\u2019abord, ceux qui y ont droit ne sont pas toujours au courant. Ensuite, pour y avoir droit, il y a toute une s\u00e9rie de d\u00e9marches tr\u00e8s stigmatisantes. Par ailleurs, ces tarifs ne responsabilisent pas les usagers. Notre id\u00e9e est donc de conserver des tarifs sociaux, mais seulement pour les personnes en situation de grande pr\u00e9carit\u00e9. Nous pensons que le \u00ab\u00a0tarif progressif\u00a0\u00bb pourra financer le \u00ab\u00a0tarif de base\u00a0\u00bb. Il ne faut pas encourager \u00e0 une surconsommation d\u2019eau ou d\u2019\u00e9nergie. Les tarifs de base resteront r\u00e9glement\u00e9s et, \u00e0 l\u2019inverse, les tarifs progressifs pourront \u00eatre dans le champ de la concurrence.<\/p>\n<p><i>Qu\u2019allez-vous proposer dans la r\u00e9partition des r\u00f4les entre le public et le priv\u00e9\u00a0?<\/i><\/p>\n<p>&gt; Selon nous, toutes les grandes infrastructures de transport doivent \u00eatre publiques. Qu\u2019il s\u2019agisse des r\u00e9seaux de transport d\u2019\u00e9lectricit\u00e9, du gaz, du r\u00e9seau ferroviaire ou de la fibre optique&#8230; En ce qui concerne l\u2019eau, nous pensons qu\u2019il faut cr\u00e9er une commission de r\u00e9gulation.<\/p>\n<p><i>Allez-vous aborder le th\u00e8me de l\u2019efficacit\u00e9 \u00e9nerg\u00e9tique\u00a0?<\/i><\/p>\n<p>&gt; Oui. C\u2019est un domaine sur lequel il n\u2019y a eu, jusqu\u2019\u00e0 pr\u00e9sent, que du bricolage. Il faut r\u00e9habiliter au moins 1 million de logements par an si on veut dans les vingt ann\u00e9es \u00e0 venir que l\u2019efficacit\u00e9 \u00e9nerg\u00e9tique entra\u00eene une forte diminution de la consommation d\u2019\u00e9nergie. On bricole \u00e9galement sur le tr\u00e8s haut d\u00e9bit, il faut changer de braquet.<\/p>\n<p>&gt; Les propositions du PS sur lesechos.fr\/document<\/p>\n<blockquote><p>&nbsp;<\/p><\/blockquote>\n<\/div>\n","protected":false},"excerpt":{"rendered":"<p>Dans le cadre de la pr\u00e9paration de son projet pour les \u00e9lections pr\u00e9sidentielles 2012, le Parti socialiste travaille \u00e0 d\u00e9finir sa position concernant \u00ab\u00a0les biens communs partag\u00e9s et les services essentiels\u00a0\u00bb . La gestion de l\u2019eau en fait partie naturellement . Le texte ci-apr\u00e8s est le compte rendu d\u2019un interview donn\u00e9 par Fran\u00e7ois Brotte , &hellip; <\/p>\n<p class=\"link-more\"><a href=\"https:\/\/www.eausecours62.org\/site\/le-parti-socialiste-et-la-question-de-leau\/\" class=\"more-link\">Continuer la lecture<span class=\"screen-reader-text\"> de &laquo;&nbsp;Le parti socialiste et la question de l\u2019EAU&nbsp;&raquo;<\/span><\/a><\/p>\n","protected":false},"author":1,"featured_media":0,"comment_status":"closed","ping_status":"open","sticky":false,"template":"","format":"standard","meta":{"footnotes":""},"categories":[49],"tags":[],"class_list":["post-759","post","type-post","status-publish","format-standard","hentry","category-elus-en-france"],"_links":{"self":[{"href":"https:\/\/www.eausecours62.org\/site\/wp-json\/wp\/v2\/posts\/759","targetHints":{"allow":["GET"]}}],"collection":[{"href":"https:\/\/www.eausecours62.org\/site\/wp-json\/wp\/v2\/posts"}],"about":[{"href":"https:\/\/www.eausecours62.org\/site\/wp-json\/wp\/v2\/types\/post"}],"author":[{"embeddable":true,"href":"https:\/\/www.eausecours62.org\/site\/wp-json\/wp\/v2\/users\/1"}],"replies":[{"embeddable":true,"href":"https:\/\/www.eausecours62.org\/site\/wp-json\/wp\/v2\/comments?post=759"}],"version-history":[{"count":2,"href":"https:\/\/www.eausecours62.org\/site\/wp-json\/wp\/v2\/posts\/759\/revisions"}],"predecessor-version":[{"id":1185,"href":"https:\/\/www.eausecours62.org\/site\/wp-json\/wp\/v2\/posts\/759\/revisions\/1185"}],"wp:attachment":[{"href":"https:\/\/www.eausecours62.org\/site\/wp-json\/wp\/v2\/media?parent=759"}],"wp:term":[{"taxonomy":"category","embeddable":true,"href":"https:\/\/www.eausecours62.org\/site\/wp-json\/wp\/v2\/categories?post=759"},{"taxonomy":"post_tag","embeddable":true,"href":"https:\/\/www.eausecours62.org\/site\/wp-json\/wp\/v2\/tags?post=759"}],"curies":[{"name":"wp","href":"https:\/\/api.w.org\/{rel}","templated":true}]}}