{"id":1310,"date":"2019-03-20T09:58:28","date_gmt":"2019-03-20T08:58:28","guid":{"rendered":"http:\/\/www.eausecours62.org\/site\/?p=1310"},"modified":"2019-03-25T12:01:31","modified_gmt":"2019-03-25T11:01:31","slug":"a-vittel-nestle-privatise-leau","status":"publish","type":"post","link":"https:\/\/www.eausecours62.org\/site\/a-vittel-nestle-privatise-leau\/","title":{"rendered":"A Vittel , Nestl\u00e9 privatise l&rsquo;eau"},"content":{"rendered":"<header class=\"entry-header\">\n<h1 class=\"entry-title\">Vittel: 6 associations en appellent au pr\u00e9fet<\/h1>\n<div class=\"entry-meta\"><span class=\"entry-date\"><a href=\"http:\/\/coordination-eau.fr\/2019\/03\/vittel-6-associations-en-appellent-au-prefet\/\" rel=\"bookmark\"><time class=\"entry-date\" datetime=\"2019-03-19T10:28:18+00:00\">2019\/03\/19<\/time><\/a><\/span> <span style=\"color: #0000ff;\">lu sur le site de la coordination \u00ab\u00a0eau-bien commun France\u00a0\u00bb<\/span><\/div>\n<\/header>\n<div class=\"entry-content\">\n<p>En mars 2018, les associations lan\u00e7aient l\u2019alerte : \u00e0 Vittel, Nestl\u00e9 Waters surexploite la nappe phr\u00e9atique depuis 25 ans. La situation est telle que la question de l\u2019alimentation en eau potable des riverains se pose. Depuis, une solution alternative bancale a \u00e9t\u00e9 propos\u00e9e, une concertation publique a \u00e9t\u00e9 organis\u00e9e\u2026 mais la situation stagne. France Nature Environnement et 5 associations locales en appellent d\u00e9sormais au Pr\u00e9fet. Il faut \u00e0 tout prix abroger les arr\u00eat\u00e9s qui autorisent Nestl\u00e9 Waters \u00e0 \u00e9puiser l\u2019eau de Vittel depuis 25 ans.<\/p>\n<\/div>\n<p><a href=\"http:\/\/coordination-eau.fr\/2019\/03\/vittel-6-associations-en-appellent-au-prefet\/\">http:\/\/coordination-eau.fr\/2019\/03\/vittel-6-associations-en-appellent-au-prefet\/<\/a><\/p>\n<p>et aussi<\/p>\n<p>A lire sur le site de <strong>Reporterre<\/strong> cet article qui d\u00e9non\u00e7ait d\u00e9j\u00e0 en mai 2018 les conditions d&rsquo;attribution \u00e0 Nestl\u00e9\u00a0 du droit de pr\u00e9lever l&rsquo;eau dans la nappe phr\u00e9atique<\/p>\n<p>en cliquant ou en\u00a0 recopiant le lien suivant:<\/p>\n<p><a href=\"https:\/\/reporterre.net\/A-Vittel-Nestle-privatise-la-nappe-phreatique\">https:\/\/reporterre.net\/A-Vittel-Nestle-privatise-la-nappe-phreatique<\/a><\/p>\n<p>&nbsp;<\/p>\n","protected":false},"excerpt":{"rendered":"<p>Vittel: 6 associations en appellent au pr\u00e9fet 2019\/03\/19 lu sur le site de la coordination \u00ab\u00a0eau-bien commun France\u00a0\u00bb En mars 2018, les associations lan\u00e7aient l\u2019alerte : \u00e0 Vittel, Nestl\u00e9 Waters surexploite la nappe phr\u00e9atique depuis 25 ans. La situation est telle que la question de l\u2019alimentation en eau potable des riverains se pose. Depuis, une &hellip; <\/p>\n<p class=\"link-more\"><a href=\"https:\/\/www.eausecours62.org\/site\/a-vittel-nestle-privatise-leau\/\" class=\"more-link\">Continuer la lecture<span class=\"screen-reader-text\"> de &laquo;&nbsp;A Vittel , Nestl\u00e9 privatise l&rsquo;eau&nbsp;&raquo;<\/span><\/a><\/p>\n","protected":false},"author":1,"featured_media":0,"comment_status":"closed","ping_status":"open","sticky":false,"template":"","format":"standard","meta":{"footnotes":""},"categories":[18,11],"tags":[],"class_list":["post-1310","post","type-post","status-publish","format-standard","hentry","category-en-france","category-partout-en-france"],"_links":{"self":[{"href":"https:\/\/www.eausecours62.org\/site\/wp-json\/wp\/v2\/posts\/1310","targetHints":{"allow":["GET"]}}],"collection":[{"href":"https:\/\/www.eausecours62.org\/site\/wp-json\/wp\/v2\/posts"}],"about":[{"href":"https:\/\/www.eausecours62.org\/site\/wp-json\/wp\/v2\/types\/post"}],"author":[{"embeddable":true,"href":"https:\/\/www.eausecours62.org\/site\/wp-json\/wp\/v2\/users\/1"}],"replies":[{"embeddable":true,"href":"https:\/\/www.eausecours62.org\/site\/wp-json\/wp\/v2\/comments?post=1310"}],"version-history":[{"count":4,"href":"https:\/\/www.eausecours62.org\/site\/wp-json\/wp\/v2\/posts\/1310\/revisions"}],"predecessor-version":[{"id":1441,"href":"https:\/\/www.eausecours62.org\/site\/wp-json\/wp\/v2\/posts\/1310\/revisions\/1441"}],"wp:attachment":[{"href":"https:\/\/www.eausecours62.org\/site\/wp-json\/wp\/v2\/media?parent=1310"}],"wp:term":[{"taxonomy":"category","embeddable":true,"href":"https:\/\/www.eausecours62.org\/site\/wp-json\/wp\/v2\/categories?post=1310"},{"taxonomy":"post_tag","embeddable":true,"href":"https:\/\/www.eausecours62.org\/site\/wp-json\/wp\/v2\/tags?post=1310"}],"curies":[{"name":"wp","href":"https:\/\/api.w.org\/{rel}","templated":true}]}}